{"id":1975,"date":"2025-05-23T10:59:39","date_gmt":"2025-05-23T07:59:39","guid":{"rendered":"https:\/\/kuxa.ro\/despre-bucatarii\/?p=1975"},"modified":"2026-04-27T12:57:54","modified_gmt":"2026-04-27T09:57:54","slug":"mobila-de-bucatarie-cu-margini-rotunjite-noul-trend-in-designul-anului-2025","status":"publish","type":"post","link":"https:\/\/kuxa.ro\/despre-bucatarii\/mobila-de-bucatarie-cu-margini-rotunjite-noul-trend-in-designul-anului-2025","title":{"rendered":"Mobila de buc\u0103t\u0103rie cu margini rotunjite \u2013 noul trend \u00een designul anului 2025"},"content":{"rendered":"\n<p>Pe m\u0103sur\u0103 ce avans\u0103m \u00een 2025, o nou\u0103 tendin\u021b\u0103 \u00ee\u0219i face tot mai sim\u021bit\u0103 prezen\u021ba \u00een amenajarea buc\u0103t\u0103riilor:\u202f<strong>mobila de buc\u0103t\u0103rie cu margini rotunjite<\/strong>. Aceast\u0103 abordare aduce un aer proasp\u0103t \u0219i armonios \u00een spa\u021biul de g\u0103tit, \u00eenlocuind liniile drepte \u0219i unghiurile dure cu forme fluide, inspirate din natur\u0103 \u0219i din stilurile retro reinventate.&nbsp;<\/p>\n\n\n\n<div style=\"height:30px\" aria-hidden=\"true\" class=\"wp-block-spacer\"><\/div>\n\n\n\n<h2 class=\"wp-block-heading\"><strong>Adio linii dure, bun venit curbe elegante<\/strong>&nbsp;<\/h2>\n\n\n\n<p>De ani buni, buc\u0103t\u0103riile contemporane au fost definite de simetrie, unghiuri drepte \u0219i suprafe\u021be plane. Dar \u00een 2025, se produce o schimbare major\u0103:\u202f<strong>marginile rotunjite devin noul standard<\/strong>\u202fpentru cei care \u00ee\u0219i doresc nu doar un spa\u021biu frumos, ci \u0219i mai prietenos, mai cald, mai integrat \u00een restul locuin\u021bei.&nbsp;<\/p>\n\n\n\n<p>Aceast\u0103 nou\u0103 estetic\u0103 nu \u00eenseamn\u0103 doar o schimbare vizual\u0103. E vorba de o abordare holistic\u0103 a spa\u021biului, care pune accent pe ergonomie, func\u021bionalitate \u0219i emo\u021bie.<\/p>\n\n\n\n<div style=\"height:30px\" aria-hidden=\"true\" class=\"wp-block-spacer\"><\/div>\n\n\n\n<h2 class=\"wp-block-heading\"><strong>Un pas spre naturale\u021be \u0219i confort<\/strong>&nbsp;<\/h2>\n\n\n\n<p>Curbele aduc \u00een buc\u0103t\u0103rie un sentiment de naturale\u021be. Ele reflect\u0103 formele organice din natur\u0103 \u0219i r\u0103spund dorin\u021bei tot mai multor oameni de a tr\u0103i \u00een spa\u021bii care inspir\u0103 calm \u0219i relaxare. \u00centr-un context \u00een care locuin\u021ba este \u0219i birou, \u0219i spa\u021biu de socializare, \u0219i refugiu personal, buc\u0103t\u0103ria cap\u0103t\u0103 un nou rol: acela de centru al echilibrului \u0219i confortului.&nbsp;<\/p>\n\n\n\n<p><strong>Mobila de buc\u0103t\u0103rie cu margini rotunjite<\/strong>\u202fcontribuie la aceast\u0103 transformare. Liniile fluide creeaz\u0103 o atmosfer\u0103 primitoare, estomp\u00e2nd grani\u021bele dintre buc\u0103t\u0103rie \u0219i zona de living. \u00cen special \u00een locuin\u021bele open-space, aceast\u0103 tendin\u021b\u0103 atenueaz\u0103 tranzi\u021biile dure \u0219i aduce o coeziune vizual\u0103 \u00eentre func\u021bionalitate \u0219i estetic\u0103.&nbsp;<\/p>\n\n\n<div class=\"wp-block-image\">\n<figure class=\"alignleft size-large is-resized\"><img decoding=\"async\" width=\"1024\" height=\"794\" src=\"https:\/\/kuxa.ro\/despre-bucatarii\/wp-content\/uploads\/2025\/05\/insula-bucatarie-cu-colturi-rotunjite-1-1024x794.jpg\" alt=\"KUXA studio mobila de buc\u0103t\u0103rie cu margini rotunjite\" class=\"wp-image-2003\" style=\"width:420px\" srcset=\"https:\/\/kuxa.ro\/despre-bucatarii\/wp-content\/uploads\/2025\/05\/insula-bucatarie-cu-colturi-rotunjite-1-1024x794.jpg 1024w, https:\/\/kuxa.ro\/despre-bucatarii\/wp-content\/uploads\/2025\/05\/insula-bucatarie-cu-colturi-rotunjite-1-300x233.jpg 300w, https:\/\/kuxa.ro\/despre-bucatarii\/wp-content\/uploads\/2025\/05\/insula-bucatarie-cu-colturi-rotunjite-1-768x595.jpg 768w, https:\/\/kuxa.ro\/despre-bucatarii\/wp-content\/uploads\/2025\/05\/insula-bucatarie-cu-colturi-rotunjite-1.jpg 1414w\" sizes=\"(max-width: 1024px) 100vw, 1024px\" \/><\/figure><\/div>\n\n\n<h2 class=\"wp-block-heading\"><strong>O tendin\u021b\u0103 cu r\u0103d\u0103cini retro \u0219i accente moderne<\/strong>&nbsp;<\/h2>\n\n\n\n<p>De\u0219i pare inovatoare, aceast\u0103 estetic\u0103 nu este complet nou\u0103. Ea \u00ee\u0219i trage seva din stilurile Art Deco \u0219i din designul anilor &#8217;70, unde curbele \u0219i simetriile controlate erau dominante. \u00cens\u0103, reinterpretarea actual\u0103 aduce un plus de minimalism, materiale naturale \u0219i func\u021bionalitate adaptat\u0103 vie\u021bii moderne.&nbsp;<\/p>\n\n\n\n<p>C\u00e2nd\u202f<strong>mobila de buc\u0103t\u0103rie cu margini rotunjite<\/strong>\u202feste combinat\u0103 cu fronturi din lemn sau blaturi din materiale texturate, rezultatul este un spa\u021biu care \u00eembin\u0103 perfect clasicul cu modernul, p\u0103str\u00e2nd echilibrul \u00eentre elegan\u021b\u0103 \u0219i simplitate.&nbsp;<\/p>\n\n\n\n<h2 class=\"wp-block-heading\"><strong>De ce s\u0103 alegi margini rotunjite \u00een buc\u0103t\u0103rie?<\/strong>&nbsp;<\/h2>\n\n\n\n<p style=\"font-size:17px\"><strong>1. Ergonomie sporit\u0103:<\/strong>\u202fCurbele optimizeaz\u0103 spa\u021biul, elimin\u0103 col\u021burile incomode \u0219i faciliteaz\u0103 mi\u0219carea \u00een jurul mobilierului. Sunt mai sigure, mai ales pentru familiile cu copii mici, \u0219i reduc riscul lovirilor \u00een unghiurile ascu\u021bite.&nbsp;<\/p>\n\n\n\n<p style=\"font-size:17px\"><strong>2. Spa\u021biu mai primitor:<\/strong>\u202fFiecare element rotunjit \u00ee\u021bi ofer\u0103 senza\u021bia de flux \u0219i naturale\u021be. Nu te sim\u021bi \u201e\u00eencadrat\u201d de forme rigide, ci \u00eenconjurat de un design care \u201ete \u00eembr\u0103\u021bi\u0219eaz\u0103\u201d.&nbsp;<\/p>\n\n\n\n<p style=\"font-size:17px\"><strong>3. <a href=\"https:\/\/kuxa.ro\/testimoniale\/proiect-bucatarie-508-bucatarie-verde-olive-cu-insula\" target=\"_blank\" rel=\"noopener\" title=\"\">Estetic\u0103 modern\u0103 \u0219i atemporal\u0103<\/a>:<\/strong>\u202fChiar dac\u0103 e o tendin\u021b\u0103, curbele nu risc\u0103 s\u0103 devin\u0103 \u201edemodate\u201d peste c\u00e2\u021biva ani. Forma lor organic\u0103 se potrive\u0219te at\u00e2t \u00een interioare minimaliste, c\u00e2t \u0219i \u00een decoruri cu influen\u021be clasice.\u00a0<\/p>\n\n\n\n<p style=\"font-size:17px\"><strong>4. Func\u021bionalitate inteligent\u0103:<\/strong>\u202fUn dulap curbat nu este doar pl\u0103cut vizual. \u00cen spa\u021biile mici, poate \u00eembun\u0103t\u0103\u021bi semnificativ accesul \u00een col\u021buri greu accesibile, iar insulele curbate ofer\u0103 mai mult\u0103 libertate de mi\u0219care \u00een jurul lor.&nbsp;<\/p>\n\n\n\n<div style=\"height:30px\" aria-hidden=\"true\" class=\"wp-block-spacer\"><\/div>\n\n\n\n<h2 class=\"wp-block-heading\"><strong>Cum po\u021bi integra aceast\u0103 tendin\u021b\u0103 \u00een buc\u0103t\u0103ria ta?<\/strong>&nbsp;<\/h2>\n\n\n\n<p>Chiar dac\u0103\u202f<strong>mobila de buc\u0103t\u0103rie cu margini rotunjite<\/strong>\u202feste \u00eenc\u0103 la \u00eenceput de drum \u00een Rom\u00e2nia, LEICHT, unul dintre furnizorii no\u0219tri a lansat deja acest concept, semnal\u00e2nd \u00eenceputul unei transform\u0103ri \u00een designul de interior.&nbsp;<\/p>\n\n\n\n<p>Fie c\u0103 au un finisaj de lac mat elegant, fie \u00een variante de lemn selectate: noile panouri laterale curbate pot fi combinate \u00eentr-o varietate de moduri. \u00cempreun\u0103 cu razele adaptate cu precizie pentru blaturi de lucru, acest lucru asigur\u0103 solu\u021bii creative care combin\u0103 designul \u0219i confortul \u00eentr-un mod special.&nbsp;<\/p>\n\n\n\n<p>Panourile laterale curbate se adapteaz\u0103 individual la diferite \u00een\u0103l\u021bimi, l\u0103\u021bimi \u0219i ad\u00e2ncimi \u0219i pot fi integrate flexibil \u00een corpuri de mobilier de podea, de perete sau coloane.&nbsp;<\/p>\n\n\n\n<div style=\"height:30px\" aria-hidden=\"true\" class=\"wp-block-spacer\"><\/div>\n\n\n\n<div class=\"wp-block-columns is-layout-flex wp-container-core-columns-is-layout-1 wp-block-columns-is-layout-flex\">\n<div class=\"wp-block-column is-layout-flow wp-block-column-is-layout-flow\">\n<h3 class=\"wp-block-heading\"><strong>Perfec\u021biune \u00een fiecare detaliu &#8211; accente rotunjite cu impact elegant&nbsp;<\/strong><\/h3>\n\n\n\n<p>CLASSIC-FS \u00een mohair \u00een nuan\u021b\u0103 de lac mat impresioneaz\u0103 prin elegan\u021ba calm\u0103 \u0219i m\u0103iestria premium. Panourile laterale curbate se integreaz\u0103 perfect \u00een designul general &#8211; fe\u021bele lor interioare aliniate precis cu fronturile vizibile. Un blat de lucru compact din material, cu incluziuni naturale \u0219i o textur\u0103 vibrant\u0103, accentueaz\u0103 aspectul sofisticat. Razele generoase ale col\u021burilor se integreaz\u0103 u\u0219or \u00een silueta curbat\u0103. Panourile de acoperire \u0219i blaturile de mas\u0103 u\u0219or rotunjite completeaz\u0103 caracterul sculptural, oferind buc\u0103t\u0103riilor \u0219i spa\u021biilor de locuit o atmosfer\u0103 elegant\u0103 \u0219i familiar\u0103.&nbsp;<\/p>\n\n\n<div class=\"wp-block-image\">\n<figure class=\"alignleft size-large is-resized\"><img decoding=\"async\" width=\"724\" height=\"1024\" src=\"https:\/\/kuxa.ro\/despre-bucatarii\/wp-content\/uploads\/2025\/05\/colt-rotunjit-insula-bucatarie-724x1024.jpg\" alt=\"mobila de buc\u0103t\u0103rie cu margini rotunjite\" class=\"wp-image-1978\" style=\"width:300px\" srcset=\"https:\/\/kuxa.ro\/despre-bucatarii\/wp-content\/uploads\/2025\/05\/colt-rotunjit-insula-bucatarie-724x1024.jpg 724w, https:\/\/kuxa.ro\/despre-bucatarii\/wp-content\/uploads\/2025\/05\/colt-rotunjit-insula-bucatarie-212x300.jpg 212w, https:\/\/kuxa.ro\/despre-bucatarii\/wp-content\/uploads\/2025\/05\/colt-rotunjit-insula-bucatarie-768x1086.jpg 768w, https:\/\/kuxa.ro\/despre-bucatarii\/wp-content\/uploads\/2025\/05\/colt-rotunjit-insula-bucatarie-1086x1536.jpg 1086w, https:\/\/kuxa.ro\/despre-bucatarii\/wp-content\/uploads\/2025\/05\/colt-rotunjit-insula-bucatarie.jpg 1414w\" sizes=\"(max-width: 724px) 100vw, 724px\" \/><\/figure><\/div><\/div>\n\n\n\n<div class=\"wp-block-column is-layout-flow wp-block-column-is-layout-flow\">\n<h3 class=\"wp-block-heading\"><strong>Design personalizat pentru fiecare cas\u0103 &#8211; forme flexibile pentru spa\u021bii armonioase<\/strong><\/h3>\n\n\n\n<p>Fie c\u0103 este de la podea p\u00e2n\u0103 la tavan, suspendat sau suprapus &#8211; mobilierul rotunjit poate fi planificat pentru a se potrivi oric\u0103rui stil personal \u0219i design al camerei. Panourile laterale curbate sunt fie conectate perfect la corpul dulapului, fie montate \u00eencastrate, integr\u00e2ndu-se natural \u00een designul general. Chiar \u0219i p\u0103r\u021bile din spate impresioneaz\u0103 printr-o suprafa\u021b\u0103 complet \u00eenchis\u0103, aliniat\u0103 vizual cu fronturile. Rezultatul: mobilier cu linii curate \u0219i design coerent &#8211; flexibil, elegant \u0219i primitor.&nbsp;<\/p>\n\n\n\n<p><\/p>\n\n\n<div class=\"wp-block-image\">\n<figure class=\"alignleft size-large is-resized\"><img decoding=\"async\" width=\"724\" height=\"1024\" src=\"https:\/\/kuxa.ro\/despre-bucatarii\/wp-content\/uploads\/2025\/05\/coloana-bucatarie-cu-colt-rotunjit-724x1024.jpg\" alt=\"KUXA studio mobila de buc\u0103t\u0103rie cu margini rotunjite\" class=\"wp-image-1979\" style=\"width:300px\" srcset=\"https:\/\/kuxa.ro\/despre-bucatarii\/wp-content\/uploads\/2025\/05\/coloana-bucatarie-cu-colt-rotunjit-724x1024.jpg 724w, https:\/\/kuxa.ro\/despre-bucatarii\/wp-content\/uploads\/2025\/05\/coloana-bucatarie-cu-colt-rotunjit-212x300.jpg 212w, https:\/\/kuxa.ro\/despre-bucatarii\/wp-content\/uploads\/2025\/05\/coloana-bucatarie-cu-colt-rotunjit-768x1086.jpg 768w, https:\/\/kuxa.ro\/despre-bucatarii\/wp-content\/uploads\/2025\/05\/coloana-bucatarie-cu-colt-rotunjit-1086x1536.jpg 1086w, https:\/\/kuxa.ro\/despre-bucatarii\/wp-content\/uploads\/2025\/05\/coloana-bucatarie-cu-colt-rotunjit.jpg 1414w\" sizes=\"(max-width: 724px) 100vw, 724px\" \/><\/figure><\/div>\n\n\n<p>&nbsp;<\/p>\n<\/div>\n<\/div>\n\n\n\n<h3 class=\"wp-block-heading\"><\/h3>\n\n\n\n<div style=\"height:30px\" aria-hidden=\"true\" class=\"wp-block-spacer\"><\/div>\n\n\n\n<p>Rotunjimile arat\u0103 deosebit de impresionant \u00een nuan\u021bele selectate din gama exclusiv\u0103 de culori Les Couleurs\u00ae Le Corbusier\u00ae: ombre naturelle moyenne (32141), vert anglais clair (32041), bleu c\u00e9rul\u00e9en 31 (32030) \u0219i l\u2019ocre rouge (32110). Culorile atent coordonate fac interiorul s\u0103 str\u0103luceasc\u0103 &#8211; armonios, expresiv \u0219i elegant.&nbsp;<\/p>\n\n\n\n<figure class=\"wp-block-image size-large is-resized\"><img decoding=\"async\" width=\"1024\" height=\"724\" src=\"https:\/\/kuxa.ro\/despre-bucatarii\/wp-content\/uploads\/2025\/05\/mobila-bucatarie-cu-colturi-rotunjite-verde-1024x724.jpg\" alt=\"ideee de mobila de buc\u0103t\u0103rie cu margini rotunjite KUXA\" class=\"wp-image-1980\" style=\"width:1200px\" srcset=\"https:\/\/kuxa.ro\/despre-bucatarii\/wp-content\/uploads\/2025\/05\/mobila-bucatarie-cu-colturi-rotunjite-verde-1024x724.jpg 1024w, https:\/\/kuxa.ro\/despre-bucatarii\/wp-content\/uploads\/2025\/05\/mobila-bucatarie-cu-colturi-rotunjite-verde-300x212.jpg 300w, https:\/\/kuxa.ro\/despre-bucatarii\/wp-content\/uploads\/2025\/05\/mobila-bucatarie-cu-colturi-rotunjite-verde-768x543.jpg 768w, https:\/\/kuxa.ro\/despre-bucatarii\/wp-content\/uploads\/2025\/05\/mobila-bucatarie-cu-colturi-rotunjite-verde.jpg 1240w\" sizes=\"(max-width: 1024px) 100vw, 1024px\" \/><figcaption class=\"wp-element-caption\">Elegan\u021b\u0103 colorat\u0103: TOPOS \u0219i CLASSIC-FS \u00een nuan\u021be exclusive Les Couleurs\u00ae Le Corbusier\u00ae.&nbsp;<\/figcaption><\/figure>\n\n\n\n<div class=\"wp-block-columns is-layout-flex wp-container-core-columns-is-layout-2 wp-block-columns-is-layout-flex\">\n<div class=\"wp-block-column is-layout-flow wp-block-column-is-layout-flow\">\n<figure class=\"wp-block-image size-large\"><img decoding=\"async\" width=\"1024\" height=\"724\" src=\"https:\/\/kuxa.ro\/despre-bucatarii\/wp-content\/uploads\/2025\/05\/mobila-bucatarie-cu-colturi-rotunjite-albastru-1024x724.jpg\" alt=\"idee pentru mobila de buc\u0103t\u0103rie cu margini rotunjite\" class=\"wp-image-1981\" srcset=\"https:\/\/kuxa.ro\/despre-bucatarii\/wp-content\/uploads\/2025\/05\/mobila-bucatarie-cu-colturi-rotunjite-albastru-1024x724.jpg 1024w, https:\/\/kuxa.ro\/despre-bucatarii\/wp-content\/uploads\/2025\/05\/mobila-bucatarie-cu-colturi-rotunjite-albastru-300x212.jpg 300w, https:\/\/kuxa.ro\/despre-bucatarii\/wp-content\/uploads\/2025\/05\/mobila-bucatarie-cu-colturi-rotunjite-albastru-768x543.jpg 768w, https:\/\/kuxa.ro\/despre-bucatarii\/wp-content\/uploads\/2025\/05\/mobila-bucatarie-cu-colturi-rotunjite-albastru.jpg 1240w\" sizes=\"(max-width: 1024px) 100vw, 1024px\" \/><figcaption class=\"wp-element-caption\">bleu c\u00e9rul\u00e9en 31&nbsp;<\/figcaption><\/figure>\n<\/div>\n\n\n\n<div class=\"wp-block-column is-layout-flow wp-block-column-is-layout-flow\">\n<figure class=\"wp-block-image size-large\"><img decoding=\"async\" width=\"1024\" height=\"724\" src=\"https:\/\/kuxa.ro\/despre-bucatarii\/wp-content\/uploads\/2025\/05\/mobila-bucatarie-cu-colturi-rotunjite-rosu-1024x724.jpg\" alt=\"idee de mobila de buc\u0103t\u0103rie cu margini rotunjite\" class=\"wp-image-1982\" srcset=\"https:\/\/kuxa.ro\/despre-bucatarii\/wp-content\/uploads\/2025\/05\/mobila-bucatarie-cu-colturi-rotunjite-rosu-1024x724.jpg 1024w, https:\/\/kuxa.ro\/despre-bucatarii\/wp-content\/uploads\/2025\/05\/mobila-bucatarie-cu-colturi-rotunjite-rosu-300x212.jpg 300w, https:\/\/kuxa.ro\/despre-bucatarii\/wp-content\/uploads\/2025\/05\/mobila-bucatarie-cu-colturi-rotunjite-rosu-768x543.jpg 768w, https:\/\/kuxa.ro\/despre-bucatarii\/wp-content\/uploads\/2025\/05\/mobila-bucatarie-cu-colturi-rotunjite-rosu.jpg 1240w\" sizes=\"(max-width: 1024px) 100vw, 1024px\" \/><figcaption class=\"wp-element-caption\">&nbsp; l\u2019ocre rouge<\/figcaption><\/figure>\n<\/div>\n<\/div>\n\n\n\n<h3 class=\"wp-block-heading\"><\/h3>\n\n\n\n<div class=\"wp-block-columns is-layout-flex wp-container-core-columns-is-layout-3 wp-block-columns-is-layout-flex\">\n<div class=\"wp-block-column is-layout-flow wp-block-column-is-layout-flow\">\n<h3 class=\"wp-block-heading\"><strong>15 cm \u2013 curbat pe ambele p\u0103r\u021bi<\/strong><\/h3>\n\n\n\n<p>Versiunea generoas\u0103 de 15 cm, cu panouri laterale curbate pe ambele p\u0103r\u021bi, creeaz\u0103 tranzi\u021bii line \u0219i un flux armonios \u0219i simetric de linii. Ideal\u0103 pentru concepte de design care se concentreaz\u0103 pe form\u0103 \u0219i estetic\u0103. Curbele de pe ambele p\u0103r\u021bi confer\u0103 mobilierului un aspect deosebit de moale \u0219i primitor \u2013 perfect\u0103 pentru spa\u021biile deschise de living \u0219i buc\u0103t\u0103rii.&nbsp;<\/p>\n\n\n\n<div style=\"height:37px\" aria-hidden=\"true\" class=\"wp-block-spacer\"><\/div>\n\n\n<div class=\"wp-block-image\">\n<figure class=\"alignleft size-large is-resized\"><img decoding=\"async\" width=\"1024\" height=\"714\" src=\"https:\/\/kuxa.ro\/despre-bucatarii\/wp-content\/uploads\/2025\/05\/mobila-bucatarie-colt-rotunjit-15-cm-1024x714.jpg\" alt=\"15 cm \u2013 curbat pe ambele p\u0103r\u021bi mobila de buc\u0103t\u0103rie cu margini rotunjite\" class=\"wp-image-1984\" style=\"width:420px\" srcset=\"https:\/\/kuxa.ro\/despre-bucatarii\/wp-content\/uploads\/2025\/05\/mobila-bucatarie-colt-rotunjit-15-cm-1024x714.jpg 1024w, https:\/\/kuxa.ro\/despre-bucatarii\/wp-content\/uploads\/2025\/05\/mobila-bucatarie-colt-rotunjit-15-cm-300x209.jpg 300w, https:\/\/kuxa.ro\/despre-bucatarii\/wp-content\/uploads\/2025\/05\/mobila-bucatarie-colt-rotunjit-15-cm-768x536.jpg 768w, https:\/\/kuxa.ro\/despre-bucatarii\/wp-content\/uploads\/2025\/05\/mobila-bucatarie-colt-rotunjit-15-cm.jpg 1414w\" sizes=\"(max-width: 1024px) 100vw, 1024px\" \/><\/figure><\/div><\/div>\n\n\n\n<div class=\"wp-block-column is-layout-flow wp-block-column-is-layout-flow\">\n<h3 class=\"wp-block-heading\"><strong>5 cm \u2013 curbat pe o parte<\/strong><\/h3>\n\n\n\n<p>Versiunea compact\u0103 de 5 cm prezint\u0103 un panou lateral curbat doar \u00een fa\u021b\u0103, \u00een timp ce partea din spate r\u0103m\u00e2ne deliberat unghiular\u0103. Aceast\u0103 solu\u021bie este ideal\u0103 pentru designuri minimaliste sau amenaj\u0103ri care economisesc spa\u021biu. Planificarea atent\u0103 a razei pe blaturi, panouri superioare \u0219i blaturi de mas\u0103 asigur\u0103 un aspect general coerent. \u00cen func\u021bie de preferin\u021be, se pot utiliza diverse materiale, cum ar fi sticl\u0103, laminat, ceramic\u0103 por\u021belanat\u0103 cu grosimea de 1,2 cm sau lemn masiv.&nbsp;<\/p>\n\n\n<div class=\"wp-block-image\">\n<figure class=\"alignleft size-large is-resized\"><img decoding=\"async\" width=\"1024\" height=\"748\" src=\"https:\/\/kuxa.ro\/despre-bucatarii\/wp-content\/uploads\/2025\/05\/mobila-bucatarie-colt-rotunji-5-cm-1024x748.jpg\" alt=\"ideii mobila de buc\u0103t\u0103rie cu margini rotunjite\" class=\"wp-image-1997\" style=\"width:401px;height:auto\" srcset=\"https:\/\/kuxa.ro\/despre-bucatarii\/wp-content\/uploads\/2025\/05\/mobila-bucatarie-colt-rotunji-5-cm-1024x748.jpg 1024w, https:\/\/kuxa.ro\/despre-bucatarii\/wp-content\/uploads\/2025\/05\/mobila-bucatarie-colt-rotunji-5-cm-300x219.jpg 300w, https:\/\/kuxa.ro\/despre-bucatarii\/wp-content\/uploads\/2025\/05\/mobila-bucatarie-colt-rotunji-5-cm-768x561.jpg 768w, https:\/\/kuxa.ro\/despre-bucatarii\/wp-content\/uploads\/2025\/05\/mobila-bucatarie-colt-rotunji-5-cm.jpg 1414w\" sizes=\"(max-width: 1024px) 100vw, 1024px\" \/><\/figure><\/div><\/div>\n<\/div>\n\n\n\n<h3 class=\"wp-block-heading\"><\/h3>\n\n\n\n<div style=\"height:30px\" aria-hidden=\"true\" class=\"wp-block-spacer\"><\/div>\n\n\n\n<h2 class=\"wp-block-heading\"><strong>Este o tendin\u021b\u0103 pentru toat\u0103 lumea?<\/strong>&nbsp;<\/h2>\n\n\n\n<p>Da \u2013 \u0219i asta este partea frumoas\u0103. De\u0219i aduce o doz\u0103 de rafinament,\u202f<strong>mobila de buc\u0103t\u0103rie cu margini rotunjite<\/strong>\u202fnu este o alegere exclusivist\u0103. Din contr\u0103, ea vine ca o solu\u021bie fireasc\u0103 la nevoia de spa\u021bii mai bl\u00e2nde, mai umane.&nbsp;&nbsp;<\/p>\n\n\n\n<p>Dac\u0103 e\u0219ti \u00een faza de amenajare, iat\u0103 c\u00e2teva idei:&nbsp;<\/p>\n\n\n\n<ul class=\"wp-block-list\">\n<li style=\"font-size:17px\"><strong>Insula de buc\u0103t\u0103rie curbat\u0103<\/strong>\u202f\u2013 fie cu un cap\u0103t rotunjit, fie cu o form\u0103 oval\u0103 complet\u0103, aceasta devine rapid piesa central\u0103 a \u00eentregii buc\u0103t\u0103rii.&nbsp;<\/li>\n\n\n\n<li style=\"font-size:17px\"><strong>Co<\/strong><strong>loane <\/strong><strong>de c<\/strong><strong>ap\u0103t<\/strong><strong> curbate<\/strong>\u202f\u2013 optimizeaz\u0103 spa\u021biul \u0219i \u00een acela\u0219i timp adaug\u0103 un plus de fluiditate vizual\u0103.&nbsp;<\/li>\n\n\n\n<li style=\"font-size:17px\"><strong>Accente \u0219i accesorii cu forme organice<\/strong>\u202f\u2013 scaune de bar, boluri, rafturi sau corpuri de iluminat.&nbsp;<\/li>\n<\/ul>\n\n\n\n<figure class=\"wp-block-image size-large is-resized\"><img decoding=\"async\" width=\"1024\" height=\"724\" src=\"https:\/\/kuxa.ro\/despre-bucatarii\/wp-content\/uploads\/2025\/05\/mobila-bucatarie-cu-colturi-rotunjite-fronturi-riflate-2-1024x724.jpg\" alt=\"mobila de buc\u0103t\u0103rie cu margini rotunjite\" class=\"wp-image-1995\" style=\"width:1200px\" srcset=\"https:\/\/kuxa.ro\/despre-bucatarii\/wp-content\/uploads\/2025\/05\/mobila-bucatarie-cu-colturi-rotunjite-fronturi-riflate-2-1024x724.jpg 1024w, https:\/\/kuxa.ro\/despre-bucatarii\/wp-content\/uploads\/2025\/05\/mobila-bucatarie-cu-colturi-rotunjite-fronturi-riflate-2-300x212.jpg 300w, https:\/\/kuxa.ro\/despre-bucatarii\/wp-content\/uploads\/2025\/05\/mobila-bucatarie-cu-colturi-rotunjite-fronturi-riflate-2-768x543.jpg 768w, https:\/\/kuxa.ro\/despre-bucatarii\/wp-content\/uploads\/2025\/05\/mobila-bucatarie-cu-colturi-rotunjite-fronturi-riflate-2-1536x1086.jpg 1536w, https:\/\/kuxa.ro\/despre-bucatarii\/wp-content\/uploads\/2025\/05\/mobila-bucatarie-cu-colturi-rotunjite-fronturi-riflate-2.jpg 1754w\" sizes=\"(max-width: 1024px) 100vw, 1024px\" \/><figcaption class=\"wp-element-caption\">Panouri laterale curbate programul BOSSA&nbsp;<\/figcaption><\/figure>\n\n\n\n<div style=\"height:30px\" aria-hidden=\"true\" class=\"wp-block-spacer\"><\/div>\n\n\n\n<p>La KUXA Studio, urm\u0103rim \u00eendeaproape evolu\u021biile din designul interna\u021bional \u0219i colabor\u0103m cu furnizori care inoveaz\u0103 constant.&nbsp;&nbsp;<\/p>\n\n\n\n<p><strong>Concluzie:<\/strong> Dac\u0103 \u00ee\u021bi dore\u0219ti o buc\u0103t\u0103rie care s\u0103 \u00ee\u021bi reflecte personalitatea, s\u0103 fie \u00een pas cu noile tendin\u021be, dar \u0219i s\u0103 r\u0103m\u00e2n\u0103 atemporal\u0103 \u0219i func\u021bional\u0103,\u202f<strong>mobila de buc\u0103t\u0103rie cu margini rotunjite<\/strong>\u202fpoate fi alegerea ideal\u0103. Este o invita\u021bie la confort, naturale\u021be \u0219i echilibru \u00eentr-un spa\u021biu care conteaz\u0103 mai mult dec\u00e2t oric\u00e2nd: inima casei tale.&nbsp;<\/p>\n\n\n\n<p>Te a\u0219tept\u0103m \u00een showroom-urile KUXA pentru <a href=\"https:\/\/kuxa.ro\/contact\" target=\"_blank\" rel=\"noopener\" title=\"\">o discu\u021bie cu designerii no\u0219tri<\/a> despre cum putem integra acest trend \u00een buc\u0103t\u0103ria ta personalizat\u0103.&nbsp;<\/p>\n\n\n\n<p>Urm\u0103re\u0219te-ne pe <a href=\"https:\/\/www.instagram.com\/kuxa.studio\/\" target=\"_blank\" rel=\"noopener\" title=\"\">Instagram<\/a> &amp; <a href=\"https:\/\/www.facebook.com\/Bucatarii\" target=\"_blank\" rel=\"noopener\" title=\"\">Facebook<\/a> pentru a r\u0103m\u00e2ne la curent cu nout\u0103\u021bile \u0219i pentru a descoperi, \u00een fiecare s\u0103pt\u0103m\u00e2n\u0103, proiecte deosebite \u0219i idei care te pot inspira \u00een amenajarea buc\u0103t\u0103riei tale.<\/p>\n","protected":false},"excerpt":{"rendered":"<p>Pe m\u0103sur\u0103 ce avans\u0103m \u00een 2025, o nou\u0103 tendin\u021b\u0103 \u00ee\u0219i face tot mai sim\u021bit\u0103 prezen\u021ba \u00een amenajarea buc\u0103t\u0103riilor:\u202fmobila de buc\u0103t\u0103rie cu margini rotunjite. Aceast\u0103 abordare aduce un aer proasp\u0103t \u0219i armonios \u00een spa\u021biul de g\u0103tit, \u00eenlocuind liniile drepte \u0219i unghiurile dure cu forme fluide, inspirate din natur\u0103 \u0219i din stilurile retro reinventate.&nbsp; Adio linii dure, [&hellip;]<\/p>\n","protected":false},"author":1,"featured_media":1976,"comment_status":"closed","ping_status":"open","sticky":false,"template":"","format":"standard","meta":{"om_disable_all_campaigns":false,"_monsterinsights_skip_tracking":false,"_monsterinsights_sitenote_active":false,"_monsterinsights_sitenote_note":"","_monsterinsights_sitenote_category":0,"footnotes":""},"categories":[47],"tags":[],"class_list":["post-1975","post","type-post","status-publish","format-standard","has-post-thumbnail","hentry","category-stil-bucatarie"],"aioseo_notices":[],"acf":[],"_links":{"self":[{"href":"https:\/\/kuxa.ro\/despre-bucatarii\/wp-json\/wp\/v2\/posts\/1975"}],"collection":[{"href":"https:\/\/kuxa.ro\/despre-bucatarii\/wp-json\/wp\/v2\/posts"}],"about":[{"href":"https:\/\/kuxa.ro\/despre-bucatarii\/wp-json\/wp\/v2\/types\/post"}],"author":[{"embeddable":true,"href":"https:\/\/kuxa.ro\/despre-bucatarii\/wp-json\/wp\/v2\/users\/1"}],"replies":[{"embeddable":true,"href":"https:\/\/kuxa.ro\/despre-bucatarii\/wp-json\/wp\/v2\/comments?post=1975"}],"version-history":[{"count":15,"href":"https:\/\/kuxa.ro\/despre-bucatarii\/wp-json\/wp\/v2\/posts\/1975\/revisions"}],"predecessor-version":[{"id":2098,"href":"https:\/\/kuxa.ro\/despre-bucatarii\/wp-json\/wp\/v2\/posts\/1975\/revisions\/2098"}],"wp:featuredmedia":[{"embeddable":true,"href":"https:\/\/kuxa.ro\/despre-bucatarii\/wp-json\/wp\/v2\/media\/1976"}],"wp:attachment":[{"href":"https:\/\/kuxa.ro\/despre-bucatarii\/wp-json\/wp\/v2\/media?parent=1975"}],"wp:term":[{"taxonomy":"category","embeddable":true,"href":"https:\/\/kuxa.ro\/despre-bucatarii\/wp-json\/wp\/v2\/categories?post=1975"},{"taxonomy":"post_tag","embeddable":true,"href":"https:\/\/kuxa.ro\/despre-bucatarii\/wp-json\/wp\/v2\/tags?post=1975"}],"curies":[{"name":"wp","href":"https:\/\/api.w.org\/{rel}","templated":true}]}}